{"id":68,"date":"2025-07-09T06:55:59","date_gmt":"2025-07-09T05:55:59","guid":{"rendered":"https:\/\/www.schweizer-optik-innovation.de\/?p=68"},"modified":"2025-07-04T08:03:51","modified_gmt":"2025-07-04T07:03:51","slug":"2003-lichtfarben","status":"publish","type":"post","link":"https:\/\/www.schweizer-optik-innovation.de\/en\/2003-lichtfarben\/","title":{"rendered":"2003 Light temperatures"},"content":{"rendered":"<p class=\"translation-block\">In 2003, SCHWEIZER introduced a magnifier with three selectable light temperatures for the first time \u2013 warm white, neutral white, and cool white. The light can be adjusted individually to suit the situation and personal preference. This innovation made vision more comfortable and remains the benchmark to this day \u2013 having been further developed in the \u00d6KOLUX plus and MULTILIGHT Pro series, among others.<\/p>","protected":false},"excerpt":{"rendered":"<p>2003 f\u00fchrte SCHWEIZER erstmals eine Lupe mit drei w\u00e4hlbaren Lichtfarben ein \u2013 Warmwei\u00df, Neutralwei\u00df und Kaltwei\u00df. Je nach Situation und pers\u00f6nlichem Empfinden [&hellip;]<\/p>","protected":false},"author":3,"featured_media":152,"comment_status":"open","ping_status":"open","sticky":false,"template":"","format":"standard","meta":{"_monsterinsights_skip_tracking":false,"_monsterinsights_sitenote_active":false,"_monsterinsights_sitenote_note":"","_monsterinsights_sitenote_category":0,"footnotes":""},"categories":[1],"tags":[],"class_list":["post-68","post","type-post","status-publish","format-standard","has-post-thumbnail","hentry","category-uncategorized"],"yoast_head":"<!-- This site is optimized with the Yoast SEO plugin v26.6 - https:\/\/yoast.com\/wordpress\/plugins\/seo\/ -->\n<title>2003 Lichtfarben - Schweizer Innovationen<\/title>\n<meta name=\"robots\" content=\"index, follow, max-snippet:-1, max-image-preview:large, max-video-preview:-1\" \/>\n<link rel=\"canonical\" href=\"https:\/\/www.schweizer-optik-innovation.de\/en\/2003-lichtfarben\/\" \/>\n<meta property=\"og:locale\" content=\"en_GB\" \/>\n<meta property=\"og:type\" content=\"article\" \/>\n<meta property=\"og:title\" content=\"2003 Lichtfarben - Schweizer Innovationen\" \/>\n<meta property=\"og:description\" content=\"2003 f\u00fchrte SCHWEIZER erstmals eine Lupe mit drei w\u00e4hlbaren Lichtfarben ein \u2013 Warmwei\u00df, Neutralwei\u00df und Kaltwei\u00df. Je nach Situation und pers\u00f6nlichem Empfinden [&hellip;]\" \/>\n<meta property=\"og:url\" content=\"https:\/\/www.schweizer-optik-innovation.de\/en\/2003-lichtfarben\/\" \/>\n<meta property=\"og:site_name\" content=\"Schweizer Innovationen\" \/>\n<meta property=\"article:published_time\" content=\"2025-07-09T05:55:59+00:00\" \/>\n<meta property=\"og:image\" content=\"https:\/\/www.schweizer-optik-innovation.de\/wp-content\/uploads\/2025\/07\/2003-Lichtfarben.webp\" \/>\n\t<meta property=\"og:image:width\" content=\"1080\" \/>\n\t<meta property=\"og:image:height\" content=\"1350\" \/>\n\t<meta property=\"og:image:type\" content=\"image\/webp\" \/>\n<meta name=\"author\" content=\"Alexander Kondratiev\" \/>\n<meta name=\"twitter:card\" content=\"summary_large_image\" \/>\n<meta name=\"twitter:label1\" content=\"Written by\" \/>\n\t<meta name=\"twitter:data1\" content=\"Alexander Kondratiev\" \/>\n\t<meta name=\"twitter:label2\" content=\"Estimated reading time\" \/>\n\t<meta name=\"twitter:data2\" content=\"1 minute\" \/>\n<script type=\"application\/ld+json\" class=\"yoast-schema-graph\">{\"@context\":\"https:\/\/schema.org\",\"@graph\":[{\"@type\":\"Article\",\"@id\":\"https:\/\/www.schweizer-optik-innovation.de\/2003-lichtfarben\/#article\",\"isPartOf\":{\"@id\":\"https:\/\/www.schweizer-optik-innovation.de\/2003-lichtfarben\/\"},\"author\":{\"name\":\"Alexander Kondratiev\",\"@id\":\"https:\/\/www.schweizer-optik-innovation.de\/#\/schema\/person\/8fa647cfe5df4463ab9b1e22a939474d\"},\"headline\":\"2003 Lichtfarben\",\"datePublished\":\"2025-07-09T05:55:59+00:00\",\"mainEntityOfPage\":{\"@id\":\"https:\/\/www.schweizer-optik-innovation.de\/2003-lichtfarben\/\"},\"wordCount\":57,\"commentCount\":0,\"publisher\":{\"@id\":\"https:\/\/www.schweizer-optik-innovation.de\/#organization\"},\"image\":{\"@id\":\"https:\/\/www.schweizer-optik-innovation.de\/2003-lichtfarben\/#primaryimage\"},\"thumbnailUrl\":\"https:\/\/www.schweizer-optik-innovation.de\/wp-content\/uploads\/2025\/07\/2003-Lichtfarben.webp\",\"articleSection\":[\"Uncategorized\"],\"inLanguage\":\"en-GB\",\"potentialAction\":[{\"@type\":\"CommentAction\",\"name\":\"Comment\",\"target\":[\"https:\/\/www.schweizer-optik-innovation.de\/2003-lichtfarben\/#respond\"]}]},{\"@type\":\"WebPage\",\"@id\":\"https:\/\/www.schweizer-optik-innovation.de\/2003-lichtfarben\/\",\"url\":\"https:\/\/www.schweizer-optik-innovation.de\/2003-lichtfarben\/\",\"name\":\"2003 Lichtfarben - Schweizer Innovationen\",\"isPartOf\":{\"@id\":\"https:\/\/www.schweizer-optik-innovation.de\/#website\"},\"primaryImageOfPage\":{\"@id\":\"https:\/\/www.schweizer-optik-innovation.de\/2003-lichtfarben\/#primaryimage\"},\"image\":{\"@id\":\"https:\/\/www.schweizer-optik-innovation.de\/2003-lichtfarben\/#primaryimage\"},\"thumbnailUrl\":\"https:\/\/www.schweizer-optik-innovation.de\/wp-content\/uploads\/2025\/07\/2003-Lichtfarben.webp\",\"datePublished\":\"2025-07-09T05:55:59+00:00\",\"breadcrumb\":{\"@id\":\"https:\/\/www.schweizer-optik-innovation.de\/2003-lichtfarben\/#breadcrumb\"},\"inLanguage\":\"en-GB\",\"potentialAction\":[{\"@type\":\"ReadAction\",\"target\":[\"https:\/\/www.schweizer-optik-innovation.de\/2003-lichtfarben\/\"]}]},{\"@type\":\"ImageObject\",\"inLanguage\":\"en-GB\",\"@id\":\"https:\/\/www.schweizer-optik-innovation.de\/2003-lichtfarben\/#primaryimage\",\"url\":\"https:\/\/www.schweizer-optik-innovation.de\/wp-content\/uploads\/2025\/07\/2003-Lichtfarben.webp\",\"contentUrl\":\"https:\/\/www.schweizer-optik-innovation.de\/wp-content\/uploads\/2025\/07\/2003-Lichtfarben.webp\",\"width\":1080,\"height\":1350},{\"@type\":\"BreadcrumbList\",\"@id\":\"https:\/\/www.schweizer-optik-innovation.de\/2003-lichtfarben\/#breadcrumb\",\"itemListElement\":[{\"@type\":\"ListItem\",\"position\":1,\"name\":\"Startseite\",\"item\":\"https:\/\/www.schweizer-optik-innovation.de\/\"},{\"@type\":\"ListItem\",\"position\":2,\"name\":\"2003 Lichtfarben\"}]},{\"@type\":\"WebSite\",\"@id\":\"https:\/\/www.schweizer-optik-innovation.de\/#website\",\"url\":\"https:\/\/www.schweizer-optik-innovation.de\/\",\"name\":\"Schweizer Optik Innovation\",\"description\":\"\",\"publisher\":{\"@id\":\"https:\/\/www.schweizer-optik-innovation.de\/#organization\"},\"potentialAction\":[{\"@type\":\"SearchAction\",\"target\":{\"@type\":\"EntryPoint\",\"urlTemplate\":\"https:\/\/www.schweizer-optik-innovation.de\/?s={search_term_string}\"},\"query-input\":{\"@type\":\"PropertyValueSpecification\",\"valueRequired\":true,\"valueName\":\"search_term_string\"}}],\"inLanguage\":\"en-GB\"},{\"@type\":\"Organization\",\"@id\":\"https:\/\/www.schweizer-optik-innovation.de\/#organization\",\"name\":\"Schweizer Optik\",\"url\":\"https:\/\/www.schweizer-optik-innovation.de\/\",\"logo\":{\"@type\":\"ImageObject\",\"inLanguage\":\"en-GB\",\"@id\":\"https:\/\/www.schweizer-optik-innovation.de\/#\/schema\/logo\/image\/\",\"url\":\"https:\/\/www.schweizer-optik-innovation.de\/wp-content\/uploads\/2025\/06\/logo-schweizer-1.svg\",\"contentUrl\":\"https:\/\/www.schweizer-optik-innovation.de\/wp-content\/uploads\/2025\/06\/logo-schweizer-1.svg\",\"width\":1920,\"height\":266,\"caption\":\"Schweizer Optik\"},\"image\":{\"@id\":\"https:\/\/www.schweizer-optik-innovation.de\/#\/schema\/logo\/image\/\"}},{\"@type\":\"Person\",\"@id\":\"https:\/\/www.schweizer-optik-innovation.de\/#\/schema\/person\/8fa647cfe5df4463ab9b1e22a939474d\",\"name\":\"Alexander Kondratiev\",\"image\":{\"@type\":\"ImageObject\",\"inLanguage\":\"en-GB\",\"@id\":\"https:\/\/www.schweizer-optik-innovation.de\/#\/schema\/person\/image\/\",\"url\":\"https:\/\/secure.gravatar.com\/avatar\/a1a4a2e4b3a09939d8b986a597ea3b935c7fc4036d42647058fde2b047efbf0f?s=96&d=mm&r=g\",\"contentUrl\":\"https:\/\/secure.gravatar.com\/avatar\/a1a4a2e4b3a09939d8b986a597ea3b935c7fc4036d42647058fde2b047efbf0f?s=96&d=mm&r=g\",\"caption\":\"Alexander Kondratiev\"},\"url\":\"https:\/\/www.schweizer-optik-innovation.de\/en\/author\/alexander\/\"}]}<\/script>\n<!-- \/ Yoast SEO plugin. -->","yoast_head_json":{"title":"2003 Lichtfarben - Schweizer Innovationen","robots":{"index":"index","follow":"follow","max-snippet":"max-snippet:-1","max-image-preview":"max-image-preview:large","max-video-preview":"max-video-preview:-1"},"canonical":"https:\/\/www.schweizer-optik-innovation.de\/en\/2003-lichtfarben\/","og_locale":"en_GB","og_type":"article","og_title":"2003 Lichtfarben - Schweizer Innovationen","og_description":"2003 f\u00fchrte SCHWEIZER erstmals eine Lupe mit drei w\u00e4hlbaren Lichtfarben ein \u2013 Warmwei\u00df, Neutralwei\u00df und Kaltwei\u00df. Je nach Situation und pers\u00f6nlichem Empfinden [&hellip;]","og_url":"https:\/\/www.schweizer-optik-innovation.de\/en\/2003-lichtfarben\/","og_site_name":"Schweizer Innovationen","article_published_time":"2025-07-09T05:55:59+00:00","og_image":[{"width":1080,"height":1350,"url":"https:\/\/www.schweizer-optik-innovation.de\/wp-content\/uploads\/2025\/07\/2003-Lichtfarben.webp","type":"image\/webp"}],"author":"Alexander Kondratiev","twitter_card":"summary_large_image","twitter_misc":{"Written by":"Alexander Kondratiev","Estimated reading time":"1 minute"},"schema":{"@context":"https:\/\/schema.org","@graph":[{"@type":"Article","@id":"https:\/\/www.schweizer-optik-innovation.de\/2003-lichtfarben\/#article","isPartOf":{"@id":"https:\/\/www.schweizer-optik-innovation.de\/2003-lichtfarben\/"},"author":{"name":"Alexander Kondratiev","@id":"https:\/\/www.schweizer-optik-innovation.de\/#\/schema\/person\/8fa647cfe5df4463ab9b1e22a939474d"},"headline":"2003 Lichtfarben","datePublished":"2025-07-09T05:55:59+00:00","mainEntityOfPage":{"@id":"https:\/\/www.schweizer-optik-innovation.de\/2003-lichtfarben\/"},"wordCount":57,"commentCount":0,"publisher":{"@id":"https:\/\/www.schweizer-optik-innovation.de\/#organization"},"image":{"@id":"https:\/\/www.schweizer-optik-innovation.de\/2003-lichtfarben\/#primaryimage"},"thumbnailUrl":"https:\/\/www.schweizer-optik-innovation.de\/wp-content\/uploads\/2025\/07\/2003-Lichtfarben.webp","articleSection":["Uncategorized"],"inLanguage":"en-GB","potentialAction":[{"@type":"CommentAction","name":"Comment","target":["https:\/\/www.schweizer-optik-innovation.de\/2003-lichtfarben\/#respond"]}]},{"@type":"WebPage","@id":"https:\/\/www.schweizer-optik-innovation.de\/2003-lichtfarben\/","url":"https:\/\/www.schweizer-optik-innovation.de\/2003-lichtfarben\/","name":"2003 Lichtfarben - Schweizer Innovationen","isPartOf":{"@id":"https:\/\/www.schweizer-optik-innovation.de\/#website"},"primaryImageOfPage":{"@id":"https:\/\/www.schweizer-optik-innovation.de\/2003-lichtfarben\/#primaryimage"},"image":{"@id":"https:\/\/www.schweizer-optik-innovation.de\/2003-lichtfarben\/#primaryimage"},"thumbnailUrl":"https:\/\/www.schweizer-optik-innovation.de\/wp-content\/uploads\/2025\/07\/2003-Lichtfarben.webp","datePublished":"2025-07-09T05:55:59+00:00","breadcrumb":{"@id":"https:\/\/www.schweizer-optik-innovation.de\/2003-lichtfarben\/#breadcrumb"},"inLanguage":"en-GB","potentialAction":[{"@type":"ReadAction","target":["https:\/\/www.schweizer-optik-innovation.de\/2003-lichtfarben\/"]}]},{"@type":"ImageObject","inLanguage":"en-GB","@id":"https:\/\/www.schweizer-optik-innovation.de\/2003-lichtfarben\/#primaryimage","url":"https:\/\/www.schweizer-optik-innovation.de\/wp-content\/uploads\/2025\/07\/2003-Lichtfarben.webp","contentUrl":"https:\/\/www.schweizer-optik-innovation.de\/wp-content\/uploads\/2025\/07\/2003-Lichtfarben.webp","width":1080,"height":1350},{"@type":"BreadcrumbList","@id":"https:\/\/www.schweizer-optik-innovation.de\/2003-lichtfarben\/#breadcrumb","itemListElement":[{"@type":"ListItem","position":1,"name":"Startseite","item":"https:\/\/www.schweizer-optik-innovation.de\/"},{"@type":"ListItem","position":2,"name":"2003 Lichtfarben"}]},{"@type":"WebSite","@id":"https:\/\/www.schweizer-optik-innovation.de\/#website","url":"https:\/\/www.schweizer-optik-innovation.de\/","name":"Schweizer Optik Innovation","description":"","publisher":{"@id":"https:\/\/www.schweizer-optik-innovation.de\/#organization"},"potentialAction":[{"@type":"SearchAction","target":{"@type":"EntryPoint","urlTemplate":"https:\/\/www.schweizer-optik-innovation.de\/?s={search_term_string}"},"query-input":{"@type":"PropertyValueSpecification","valueRequired":true,"valueName":"search_term_string"}}],"inLanguage":"en-GB"},{"@type":"Organization","@id":"https:\/\/www.schweizer-optik-innovation.de\/#organization","name":"Schweizer Optik","url":"https:\/\/www.schweizer-optik-innovation.de\/","logo":{"@type":"ImageObject","inLanguage":"en-GB","@id":"https:\/\/www.schweizer-optik-innovation.de\/#\/schema\/logo\/image\/","url":"https:\/\/www.schweizer-optik-innovation.de\/wp-content\/uploads\/2025\/06\/logo-schweizer-1.svg","contentUrl":"https:\/\/www.schweizer-optik-innovation.de\/wp-content\/uploads\/2025\/06\/logo-schweizer-1.svg","width":1920,"height":266,"caption":"Schweizer Optik"},"image":{"@id":"https:\/\/www.schweizer-optik-innovation.de\/#\/schema\/logo\/image\/"}},{"@type":"Person","@id":"https:\/\/www.schweizer-optik-innovation.de\/#\/schema\/person\/8fa647cfe5df4463ab9b1e22a939474d","name":"Alexander Kondratiev","image":{"@type":"ImageObject","inLanguage":"en-GB","@id":"https:\/\/www.schweizer-optik-innovation.de\/#\/schema\/person\/image\/","url":"https:\/\/secure.gravatar.com\/avatar\/a1a4a2e4b3a09939d8b986a597ea3b935c7fc4036d42647058fde2b047efbf0f?s=96&d=mm&r=g","contentUrl":"https:\/\/secure.gravatar.com\/avatar\/a1a4a2e4b3a09939d8b986a597ea3b935c7fc4036d42647058fde2b047efbf0f?s=96&d=mm&r=g","caption":"Alexander Kondratiev"},"url":"https:\/\/www.schweizer-optik-innovation.de\/en\/author\/alexander\/"}]}},"_links":{"self":[{"href":"https:\/\/www.schweizer-optik-innovation.de\/en\/wp-json\/wp\/v2\/posts\/68","targetHints":{"allow":["GET"]}}],"collection":[{"href":"https:\/\/www.schweizer-optik-innovation.de\/en\/wp-json\/wp\/v2\/posts"}],"about":[{"href":"https:\/\/www.schweizer-optik-innovation.de\/en\/wp-json\/wp\/v2\/types\/post"}],"author":[{"embeddable":true,"href":"https:\/\/www.schweizer-optik-innovation.de\/en\/wp-json\/wp\/v2\/users\/3"}],"replies":[{"embeddable":true,"href":"https:\/\/www.schweizer-optik-innovation.de\/en\/wp-json\/wp\/v2\/comments?post=68"}],"version-history":[{"count":1,"href":"https:\/\/www.schweizer-optik-innovation.de\/en\/wp-json\/wp\/v2\/posts\/68\/revisions"}],"predecessor-version":[{"id":69,"href":"https:\/\/www.schweizer-optik-innovation.de\/en\/wp-json\/wp\/v2\/posts\/68\/revisions\/69"}],"wp:featuredmedia":[{"embeddable":true,"href":"https:\/\/www.schweizer-optik-innovation.de\/en\/wp-json\/wp\/v2\/media\/152"}],"wp:attachment":[{"href":"https:\/\/www.schweizer-optik-innovation.de\/en\/wp-json\/wp\/v2\/media?parent=68"}],"wp:term":[{"taxonomy":"category","embeddable":true,"href":"https:\/\/www.schweizer-optik-innovation.de\/en\/wp-json\/wp\/v2\/categories?post=68"},{"taxonomy":"post_tag","embeddable":true,"href":"https:\/\/www.schweizer-optik-innovation.de\/en\/wp-json\/wp\/v2\/tags?post=68"}],"curies":[{"name":"wp","href":"https:\/\/api.w.org\/{rel}","templated":true}]}}