{"id":82,"date":"2025-07-18T07:00:20","date_gmt":"2025-07-18T06:00:20","guid":{"rendered":"https:\/\/www.schweizer-optik-innovation.de\/?p=82"},"modified":"2025-07-04T08:17:12","modified_gmt":"2025-07-04T07:17:12","slug":"2012-amd-comfort","status":"publish","type":"post","link":"https:\/\/www.schweizer-optik-innovation.de\/en\/2012-amd-comfort\/","title":{"rendered":"2012 AMD-Comfort"},"content":{"rendered":"<p><span style=\"font-weight: 400;\">SCHWEIZER introduces special spectacle lenses for people with age-related macular degeneration (AMD). A newly developed filter effectively protects the eye from harmful UV light while attenuating the transmission of the harsh blue portion of visible daylight. Users of AMD-Comfort lenses find it easier to perceive details. The lenses improve their vision and boost their confidence in everyday life. AMD-Comfort lenses are available as single vision, bifocal and progressive lenses, and as fit-over spectacles.<\/span><\/p>","protected":false},"excerpt":{"rendered":"<p>F\u00fcr Menschen mit altersbedingter Makuladegeneration (AMD) f\u00fchrt SCHWEIZER Spezialbrillengl\u00e4ser ein. Ein neu und speziell entwickelter Filter sch\u00fctzt das Auge bestm\u00f6glich gegen die [&hellip;]<\/p>","protected":false},"author":3,"featured_media":50,"comment_status":"open","ping_status":"open","sticky":false,"template":"","format":"standard","meta":{"_monsterinsights_skip_tracking":false,"_monsterinsights_sitenote_active":false,"_monsterinsights_sitenote_note":"","_monsterinsights_sitenote_category":0,"footnotes":""},"categories":[1],"tags":[],"class_list":["post-82","post","type-post","status-publish","format-standard","has-post-thumbnail","hentry","category-uncategorized"],"yoast_head":"<!-- This site is optimized with the Yoast SEO plugin v26.6 - https:\/\/yoast.com\/wordpress\/plugins\/seo\/ -->\n<title>2012 AMD-Comfort - Schweizer Innovationen<\/title>\n<meta name=\"robots\" content=\"index, follow, max-snippet:-1, max-image-preview:large, max-video-preview:-1\" \/>\n<link rel=\"canonical\" href=\"https:\/\/www.schweizer-optik-innovation.de\/en\/2012-amd-comfort\/\" \/>\n<meta property=\"og:locale\" content=\"en_GB\" \/>\n<meta property=\"og:type\" content=\"article\" \/>\n<meta property=\"og:title\" content=\"2012 AMD-Comfort - Schweizer Innovationen\" \/>\n<meta property=\"og:description\" content=\"F\u00fcr Menschen mit altersbedingter Makuladegeneration (AMD) f\u00fchrt SCHWEIZER Spezialbrillengl\u00e4ser ein. Ein neu und speziell entwickelter Filter sch\u00fctzt das Auge bestm\u00f6glich gegen die [&hellip;]\" \/>\n<meta property=\"og:url\" content=\"https:\/\/www.schweizer-optik-innovation.de\/en\/2012-amd-comfort\/\" \/>\n<meta property=\"og:site_name\" content=\"Schweizer Innovationen\" \/>\n<meta property=\"article:published_time\" content=\"2025-07-18T06:00:20+00:00\" \/>\n<meta property=\"og:image\" content=\"https:\/\/www.schweizer-optik-innovation.de\/wp-content\/uploads\/2025\/06\/2012_amd-comfort.jpg\" \/>\n\t<meta property=\"og:image:width\" content=\"800\" \/>\n\t<meta property=\"og:image:height\" content=\"487\" \/>\n\t<meta property=\"og:image:type\" content=\"image\/jpeg\" \/>\n<meta name=\"author\" content=\"Alexander Kondratiev\" \/>\n<meta name=\"twitter:card\" content=\"summary_large_image\" \/>\n<meta name=\"twitter:label1\" content=\"Written by\" \/>\n\t<meta name=\"twitter:data1\" content=\"Alexander Kondratiev\" \/>\n<script type=\"application\/ld+json\" class=\"yoast-schema-graph\">{\"@context\":\"https:\/\/schema.org\",\"@graph\":[{\"@type\":\"Article\",\"@id\":\"https:\/\/www.schweizer-optik-innovation.de\/2012-amd-comfort\/#article\",\"isPartOf\":{\"@id\":\"https:\/\/www.schweizer-optik-innovation.de\/2012-amd-comfort\/\"},\"author\":{\"name\":\"Alexander Kondratiev\",\"@id\":\"https:\/\/www.schweizer-optik-innovation.de\/#\/schema\/person\/8fa647cfe5df4463ab9b1e22a939474d\"},\"headline\":\"2012 AMD-Comfort\",\"datePublished\":\"2025-07-18T06:00:20+00:00\",\"mainEntityOfPage\":{\"@id\":\"https:\/\/www.schweizer-optik-innovation.de\/2012-amd-comfort\/\"},\"wordCount\":72,\"commentCount\":0,\"publisher\":{\"@id\":\"https:\/\/www.schweizer-optik-innovation.de\/#organization\"},\"image\":{\"@id\":\"https:\/\/www.schweizer-optik-innovation.de\/2012-amd-comfort\/#primaryimage\"},\"thumbnailUrl\":\"https:\/\/www.schweizer-optik-innovation.de\/wp-content\/uploads\/2025\/06\/2012_amd-comfort.jpg\",\"articleSection\":[\"Uncategorized\"],\"inLanguage\":\"en-GB\",\"potentialAction\":[{\"@type\":\"CommentAction\",\"name\":\"Comment\",\"target\":[\"https:\/\/www.schweizer-optik-innovation.de\/2012-amd-comfort\/#respond\"]}]},{\"@type\":\"WebPage\",\"@id\":\"https:\/\/www.schweizer-optik-innovation.de\/2012-amd-comfort\/\",\"url\":\"https:\/\/www.schweizer-optik-innovation.de\/2012-amd-comfort\/\",\"name\":\"2012 AMD-Comfort - Schweizer Innovationen\",\"isPartOf\":{\"@id\":\"https:\/\/www.schweizer-optik-innovation.de\/#website\"},\"primaryImageOfPage\":{\"@id\":\"https:\/\/www.schweizer-optik-innovation.de\/2012-amd-comfort\/#primaryimage\"},\"image\":{\"@id\":\"https:\/\/www.schweizer-optik-innovation.de\/2012-amd-comfort\/#primaryimage\"},\"thumbnailUrl\":\"https:\/\/www.schweizer-optik-innovation.de\/wp-content\/uploads\/2025\/06\/2012_amd-comfort.jpg\",\"datePublished\":\"2025-07-18T06:00:20+00:00\",\"breadcrumb\":{\"@id\":\"https:\/\/www.schweizer-optik-innovation.de\/2012-amd-comfort\/#breadcrumb\"},\"inLanguage\":\"en-GB\",\"potentialAction\":[{\"@type\":\"ReadAction\",\"target\":[\"https:\/\/www.schweizer-optik-innovation.de\/2012-amd-comfort\/\"]}]},{\"@type\":\"ImageObject\",\"inLanguage\":\"en-GB\",\"@id\":\"https:\/\/www.schweizer-optik-innovation.de\/2012-amd-comfort\/#primaryimage\",\"url\":\"https:\/\/www.schweizer-optik-innovation.de\/wp-content\/uploads\/2025\/06\/2012_amd-comfort.jpg\",\"contentUrl\":\"https:\/\/www.schweizer-optik-innovation.de\/wp-content\/uploads\/2025\/06\/2012_amd-comfort.jpg\",\"width\":800,\"height\":487},{\"@type\":\"BreadcrumbList\",\"@id\":\"https:\/\/www.schweizer-optik-innovation.de\/2012-amd-comfort\/#breadcrumb\",\"itemListElement\":[{\"@type\":\"ListItem\",\"position\":1,\"name\":\"Startseite\",\"item\":\"https:\/\/www.schweizer-optik-innovation.de\/\"},{\"@type\":\"ListItem\",\"position\":2,\"name\":\"2012 AMD-Comfort\"}]},{\"@type\":\"WebSite\",\"@id\":\"https:\/\/www.schweizer-optik-innovation.de\/#website\",\"url\":\"https:\/\/www.schweizer-optik-innovation.de\/\",\"name\":\"Schweizer Optik Innovation\",\"description\":\"\",\"publisher\":{\"@id\":\"https:\/\/www.schweizer-optik-innovation.de\/#organization\"},\"potentialAction\":[{\"@type\":\"SearchAction\",\"target\":{\"@type\":\"EntryPoint\",\"urlTemplate\":\"https:\/\/www.schweizer-optik-innovation.de\/?s={search_term_string}\"},\"query-input\":{\"@type\":\"PropertyValueSpecification\",\"valueRequired\":true,\"valueName\":\"search_term_string\"}}],\"inLanguage\":\"en-GB\"},{\"@type\":\"Organization\",\"@id\":\"https:\/\/www.schweizer-optik-innovation.de\/#organization\",\"name\":\"Schweizer Optik\",\"url\":\"https:\/\/www.schweizer-optik-innovation.de\/\",\"logo\":{\"@type\":\"ImageObject\",\"inLanguage\":\"en-GB\",\"@id\":\"https:\/\/www.schweizer-optik-innovation.de\/#\/schema\/logo\/image\/\",\"url\":\"https:\/\/www.schweizer-optik-innovation.de\/wp-content\/uploads\/2025\/06\/logo-schweizer-1.svg\",\"contentUrl\":\"https:\/\/www.schweizer-optik-innovation.de\/wp-content\/uploads\/2025\/06\/logo-schweizer-1.svg\",\"width\":1920,\"height\":266,\"caption\":\"Schweizer Optik\"},\"image\":{\"@id\":\"https:\/\/www.schweizer-optik-innovation.de\/#\/schema\/logo\/image\/\"}},{\"@type\":\"Person\",\"@id\":\"https:\/\/www.schweizer-optik-innovation.de\/#\/schema\/person\/8fa647cfe5df4463ab9b1e22a939474d\",\"name\":\"Alexander Kondratiev\",\"image\":{\"@type\":\"ImageObject\",\"inLanguage\":\"en-GB\",\"@id\":\"https:\/\/www.schweizer-optik-innovation.de\/#\/schema\/person\/image\/\",\"url\":\"https:\/\/secure.gravatar.com\/avatar\/a1a4a2e4b3a09939d8b986a597ea3b935c7fc4036d42647058fde2b047efbf0f?s=96&d=mm&r=g\",\"contentUrl\":\"https:\/\/secure.gravatar.com\/avatar\/a1a4a2e4b3a09939d8b986a597ea3b935c7fc4036d42647058fde2b047efbf0f?s=96&d=mm&r=g\",\"caption\":\"Alexander Kondratiev\"},\"url\":\"https:\/\/www.schweizer-optik-innovation.de\/en\/author\/alexander\/\"}]}<\/script>\n<!-- \/ Yoast SEO plugin. -->","yoast_head_json":{"title":"2012 AMD-Comfort - Schweizer Innovationen","robots":{"index":"index","follow":"follow","max-snippet":"max-snippet:-1","max-image-preview":"max-image-preview:large","max-video-preview":"max-video-preview:-1"},"canonical":"https:\/\/www.schweizer-optik-innovation.de\/en\/2012-amd-comfort\/","og_locale":"en_GB","og_type":"article","og_title":"2012 AMD-Comfort - Schweizer Innovationen","og_description":"F\u00fcr Menschen mit altersbedingter Makuladegeneration (AMD) f\u00fchrt SCHWEIZER Spezialbrillengl\u00e4ser ein. Ein neu und speziell entwickelter Filter sch\u00fctzt das Auge bestm\u00f6glich gegen die [&hellip;]","og_url":"https:\/\/www.schweizer-optik-innovation.de\/en\/2012-amd-comfort\/","og_site_name":"Schweizer Innovationen","article_published_time":"2025-07-18T06:00:20+00:00","og_image":[{"width":800,"height":487,"url":"https:\/\/www.schweizer-optik-innovation.de\/wp-content\/uploads\/2025\/06\/2012_amd-comfort.jpg","type":"image\/jpeg"}],"author":"Alexander Kondratiev","twitter_card":"summary_large_image","twitter_misc":{"Written by":"Alexander Kondratiev"},"schema":{"@context":"https:\/\/schema.org","@graph":[{"@type":"Article","@id":"https:\/\/www.schweizer-optik-innovation.de\/2012-amd-comfort\/#article","isPartOf":{"@id":"https:\/\/www.schweizer-optik-innovation.de\/2012-amd-comfort\/"},"author":{"name":"Alexander Kondratiev","@id":"https:\/\/www.schweizer-optik-innovation.de\/#\/schema\/person\/8fa647cfe5df4463ab9b1e22a939474d"},"headline":"2012 AMD-Comfort","datePublished":"2025-07-18T06:00:20+00:00","mainEntityOfPage":{"@id":"https:\/\/www.schweizer-optik-innovation.de\/2012-amd-comfort\/"},"wordCount":72,"commentCount":0,"publisher":{"@id":"https:\/\/www.schweizer-optik-innovation.de\/#organization"},"image":{"@id":"https:\/\/www.schweizer-optik-innovation.de\/2012-amd-comfort\/#primaryimage"},"thumbnailUrl":"https:\/\/www.schweizer-optik-innovation.de\/wp-content\/uploads\/2025\/06\/2012_amd-comfort.jpg","articleSection":["Uncategorized"],"inLanguage":"en-GB","potentialAction":[{"@type":"CommentAction","name":"Comment","target":["https:\/\/www.schweizer-optik-innovation.de\/2012-amd-comfort\/#respond"]}]},{"@type":"WebPage","@id":"https:\/\/www.schweizer-optik-innovation.de\/2012-amd-comfort\/","url":"https:\/\/www.schweizer-optik-innovation.de\/2012-amd-comfort\/","name":"2012 AMD-Comfort - Schweizer Innovationen","isPartOf":{"@id":"https:\/\/www.schweizer-optik-innovation.de\/#website"},"primaryImageOfPage":{"@id":"https:\/\/www.schweizer-optik-innovation.de\/2012-amd-comfort\/#primaryimage"},"image":{"@id":"https:\/\/www.schweizer-optik-innovation.de\/2012-amd-comfort\/#primaryimage"},"thumbnailUrl":"https:\/\/www.schweizer-optik-innovation.de\/wp-content\/uploads\/2025\/06\/2012_amd-comfort.jpg","datePublished":"2025-07-18T06:00:20+00:00","breadcrumb":{"@id":"https:\/\/www.schweizer-optik-innovation.de\/2012-amd-comfort\/#breadcrumb"},"inLanguage":"en-GB","potentialAction":[{"@type":"ReadAction","target":["https:\/\/www.schweizer-optik-innovation.de\/2012-amd-comfort\/"]}]},{"@type":"ImageObject","inLanguage":"en-GB","@id":"https:\/\/www.schweizer-optik-innovation.de\/2012-amd-comfort\/#primaryimage","url":"https:\/\/www.schweizer-optik-innovation.de\/wp-content\/uploads\/2025\/06\/2012_amd-comfort.jpg","contentUrl":"https:\/\/www.schweizer-optik-innovation.de\/wp-content\/uploads\/2025\/06\/2012_amd-comfort.jpg","width":800,"height":487},{"@type":"BreadcrumbList","@id":"https:\/\/www.schweizer-optik-innovation.de\/2012-amd-comfort\/#breadcrumb","itemListElement":[{"@type":"ListItem","position":1,"name":"Startseite","item":"https:\/\/www.schweizer-optik-innovation.de\/"},{"@type":"ListItem","position":2,"name":"2012 AMD-Comfort"}]},{"@type":"WebSite","@id":"https:\/\/www.schweizer-optik-innovation.de\/#website","url":"https:\/\/www.schweizer-optik-innovation.de\/","name":"Schweizer Optik Innovation","description":"","publisher":{"@id":"https:\/\/www.schweizer-optik-innovation.de\/#organization"},"potentialAction":[{"@type":"SearchAction","target":{"@type":"EntryPoint","urlTemplate":"https:\/\/www.schweizer-optik-innovation.de\/?s={search_term_string}"},"query-input":{"@type":"PropertyValueSpecification","valueRequired":true,"valueName":"search_term_string"}}],"inLanguage":"en-GB"},{"@type":"Organization","@id":"https:\/\/www.schweizer-optik-innovation.de\/#organization","name":"Schweizer Optik","url":"https:\/\/www.schweizer-optik-innovation.de\/","logo":{"@type":"ImageObject","inLanguage":"en-GB","@id":"https:\/\/www.schweizer-optik-innovation.de\/#\/schema\/logo\/image\/","url":"https:\/\/www.schweizer-optik-innovation.de\/wp-content\/uploads\/2025\/06\/logo-schweizer-1.svg","contentUrl":"https:\/\/www.schweizer-optik-innovation.de\/wp-content\/uploads\/2025\/06\/logo-schweizer-1.svg","width":1920,"height":266,"caption":"Schweizer Optik"},"image":{"@id":"https:\/\/www.schweizer-optik-innovation.de\/#\/schema\/logo\/image\/"}},{"@type":"Person","@id":"https:\/\/www.schweizer-optik-innovation.de\/#\/schema\/person\/8fa647cfe5df4463ab9b1e22a939474d","name":"Alexander Kondratiev","image":{"@type":"ImageObject","inLanguage":"en-GB","@id":"https:\/\/www.schweizer-optik-innovation.de\/#\/schema\/person\/image\/","url":"https:\/\/secure.gravatar.com\/avatar\/a1a4a2e4b3a09939d8b986a597ea3b935c7fc4036d42647058fde2b047efbf0f?s=96&d=mm&r=g","contentUrl":"https:\/\/secure.gravatar.com\/avatar\/a1a4a2e4b3a09939d8b986a597ea3b935c7fc4036d42647058fde2b047efbf0f?s=96&d=mm&r=g","caption":"Alexander Kondratiev"},"url":"https:\/\/www.schweizer-optik-innovation.de\/en\/author\/alexander\/"}]}},"_links":{"self":[{"href":"https:\/\/www.schweizer-optik-innovation.de\/en\/wp-json\/wp\/v2\/posts\/82","targetHints":{"allow":["GET"]}}],"collection":[{"href":"https:\/\/www.schweizer-optik-innovation.de\/en\/wp-json\/wp\/v2\/posts"}],"about":[{"href":"https:\/\/www.schweizer-optik-innovation.de\/en\/wp-json\/wp\/v2\/types\/post"}],"author":[{"embeddable":true,"href":"https:\/\/www.schweizer-optik-innovation.de\/en\/wp-json\/wp\/v2\/users\/3"}],"replies":[{"embeddable":true,"href":"https:\/\/www.schweizer-optik-innovation.de\/en\/wp-json\/wp\/v2\/comments?post=82"}],"version-history":[{"count":1,"href":"https:\/\/www.schweizer-optik-innovation.de\/en\/wp-json\/wp\/v2\/posts\/82\/revisions"}],"predecessor-version":[{"id":83,"href":"https:\/\/www.schweizer-optik-innovation.de\/en\/wp-json\/wp\/v2\/posts\/82\/revisions\/83"}],"wp:featuredmedia":[{"embeddable":true,"href":"https:\/\/www.schweizer-optik-innovation.de\/en\/wp-json\/wp\/v2\/media\/50"}],"wp:attachment":[{"href":"https:\/\/www.schweizer-optik-innovation.de\/en\/wp-json\/wp\/v2\/media?parent=82"}],"wp:term":[{"taxonomy":"category","embeddable":true,"href":"https:\/\/www.schweizer-optik-innovation.de\/en\/wp-json\/wp\/v2\/categories?post=82"},{"taxonomy":"post_tag","embeddable":true,"href":"https:\/\/www.schweizer-optik-innovation.de\/en\/wp-json\/wp\/v2\/tags?post=82"}],"curies":[{"name":"wp","href":"https:\/\/api.w.org\/{rel}","templated":true}]}}